{"id":252,"date":"2015-12-14T19:53:39","date_gmt":"2015-12-14T18:53:39","guid":{"rendered":"http:\/\/www.evolys.ch\/blog\/?p=252"},"modified":"2016-01-18T08:14:22","modified_gmt":"2016-01-18T07:14:22","slug":"rts-je-suis-beau-et-ca-tombe-bien","status":"publish","type":"post","link":"https:\/\/www.evolys.ch\/blog\/mode-et-beaute\/rts-je-suis-beau-et-ca-tombe-bien\/","title":{"rendered":"RTS &#8211; Je suis beau\u2026 et \u00e7a tombe bien !"},"content":{"rendered":"<p><a href=\"http:\/\/www.evolys.ch\/blog\/wp-content\/uploads\/2015\/05\/149144392-Evolys-Visage-Ext.jpg\" rel=\"attachment wp-att-144\"><img loading=\"lazy\" decoding=\"async\" class=\"size-medium wp-image-144 alignright\" src=\"http:\/\/www.evolys.ch\/blog\/wp-content\/uploads\/2015\/05\/149144392-Evolys-Visage-Ext-300x281.jpg\" alt=\"149144392\" width=\"300\" height=\"281\" srcset=\"https:\/\/www.evolys.ch\/blog\/wp-content\/uploads\/2015\/05\/149144392-Evolys-Visage-Ext-300x281.jpg 300w, https:\/\/www.evolys.ch\/blog\/wp-content\/uploads\/2015\/05\/149144392-Evolys-Visage-Ext-1024x958.jpg 1024w, https:\/\/www.evolys.ch\/blog\/wp-content\/uploads\/2015\/05\/149144392-Evolys-Visage-Ext-321x300.jpg 321w, https:\/\/www.evolys.ch\/blog\/wp-content\/uploads\/2015\/05\/149144392-Evolys-Visage-Ext.jpg 2000w\" sizes=\"auto, (max-width: 300px) 100vw, 300px\" \/><\/a>A-t-on plus de chance de r\u00e9ussir aussi bien \u00e0 l&rsquo;\u00e9cole que plus tard dans sa vie professionnelle lorsqu&rsquo;on est beau? L&rsquo;\u00e9mission Sp\u00e9cimen de la RTS\u00a0semble montrer que c&rsquo;est effectivement le cas.\u00a0Elle\u00a0r\u00e9v\u00e8le \u00e0 quel point l\u2019apparence physique peut \u00eatre d\u00e9cisive dans un parcours de vie et combien notre comportement change lorsque nous interagissons avec une personne que nous consid\u00e9rons comme belle.<\/p>\n<h2>Cela commence d\u00e8s le berceau!<\/h2>\n<p>De plus, il semblerait que cela commence d\u00e8s le berceau!\u00a0En t\u00e9moigne la psychologue Marilou Bruchon-Schweitzer : \u00ab Ce que je vais dire est assez choquant, mais c\u2019est ce qui a \u00e9t\u00e9 film\u00e9 : les mamans de b\u00e9b\u00e9s tr\u00e8s mignons les prennent plus longtemps dans les bras, leurs sourit plus et passent plus de temps avec leur enfant \u00bb.<\/p>\n<p>La beaut\u00e9 exerce un r\u00e9el pouvoir, souvent sans que nous en soyons conscients. Mais sommes-nous tous s\u00e9duits par la m\u00eame gr\u00e2ce ? Existe-t-il une beaut\u00e9 universelle ? Ce reportage apporte quelques r\u00e9ponses \u00e0 ces questions.<\/p>\n<div class=\"body\">\n<p><a href=\"http:\/\/www.rts.ch\/emissions\/specimen\/7186401-je-suis-beau-et-ca-tombe-bien.html\" target=\"_blank\">RTS &#8211; Je suis beau&#8230; et \u00e7a tombe bien!<\/a><\/p>\n<h2>Se sentir bien dans sa peau<\/h2>\n<p>\u00catre beau commence souvent pas se sentir bien dans sa peau.<\/p>\n<p style=\"text-align: right;\"><a href=\"http:\/\/www.evolys.ch\">D\u00e9couvrez comment Evolys peut vous aider \u00e0 vous sentir mieux dans votre peau&#8230;<\/a><\/p>\n<\/div>\n","protected":false},"excerpt":{"rendered":"<p>A-t-on plus de chance de r\u00e9ussir aussi bien \u00e0 l&rsquo;\u00e9cole que plus tard dans sa vie professionnelle lorsqu&rsquo;on est beau? L&rsquo;\u00e9mission Sp\u00e9cimen de la RTS\u00a0semble montrer que c&rsquo;est effectivement le cas.\u00a0Elle\u00a0r\u00e9v\u00e8le \u00e0 quel point l\u2019apparence physique peut \u00eatre d\u00e9cisive dans un parcours de vie et combien notre comportement change lorsque nous interagissons avec une personne &hellip; <a href=\"https:\/\/www.evolys.ch\/blog\/mode-et-beaute\/rts-je-suis-beau-et-ca-tombe-bien\/\" class=\"more-link\">Continuer la lecture de <span class=\"screen-reader-text\">RTS &#8211; Je suis beau\u2026 et \u00e7a tombe bien !<\/span><\/a><\/p>\n","protected":false},"author":2,"featured_media":0,"comment_status":"closed","ping_status":"open","sticky":false,"template":"","format":"standard","meta":{"jetpack_post_was_ever_published":false,"_jetpack_newsletter_access":"","_jetpack_dont_email_post_to_subs":false,"_jetpack_newsletter_tier_id":0,"_jetpack_memberships_contains_paywalled_content":false,"_jetpack_memberships_contains_paid_content":false,"footnotes":"","jetpack_publicize_message":"","jetpack_publicize_feature_enabled":true,"jetpack_social_post_already_shared":true,"jetpack_social_options":{"image_generator_settings":{"template":"highway","default_image_id":0,"font":"","enabled":false},"version":2}},"categories":[11],"tags":[30,31],"class_list":["post-252","post","type-post","status-publish","format-standard","hentry","category-mode-et-beaute","tag-beau","tag-beaute"],"jetpack_publicize_connections":[],"jetpack_featured_media_url":"","jetpack_sharing_enabled":true,"jetpack_shortlink":"https:\/\/wp.me\/p5X5ob-44","_links":{"self":[{"href":"https:\/\/www.evolys.ch\/blog\/wp-json\/wp\/v2\/posts\/252","targetHints":{"allow":["GET"]}}],"collection":[{"href":"https:\/\/www.evolys.ch\/blog\/wp-json\/wp\/v2\/posts"}],"about":[{"href":"https:\/\/www.evolys.ch\/blog\/wp-json\/wp\/v2\/types\/post"}],"author":[{"embeddable":true,"href":"https:\/\/www.evolys.ch\/blog\/wp-json\/wp\/v2\/users\/2"}],"replies":[{"embeddable":true,"href":"https:\/\/www.evolys.ch\/blog\/wp-json\/wp\/v2\/comments?post=252"}],"version-history":[{"count":0,"href":"https:\/\/www.evolys.ch\/blog\/wp-json\/wp\/v2\/posts\/252\/revisions"}],"wp:attachment":[{"href":"https:\/\/www.evolys.ch\/blog\/wp-json\/wp\/v2\/media?parent=252"}],"wp:term":[{"taxonomy":"category","embeddable":true,"href":"https:\/\/www.evolys.ch\/blog\/wp-json\/wp\/v2\/categories?post=252"},{"taxonomy":"post_tag","embeddable":true,"href":"https:\/\/www.evolys.ch\/blog\/wp-json\/wp\/v2\/tags?post=252"}],"curies":[{"name":"wp","href":"https:\/\/api.w.org\/{rel}","templated":true}]}}