{"id":1142,"date":"2024-12-18T18:02:33","date_gmt":"2024-12-18T17:02:33","guid":{"rendered":"https:\/\/www.evolys.ch\/blog\/?p=1142"},"modified":"2024-12-18T18:02:33","modified_gmt":"2024-12-18T17:02:33","slug":"lia-une-aide-precieuse-pour-les-dermatologues-le-mag-radiofr-avec-la-dresse-magali-dumont","status":"publish","type":"post","link":"https:\/\/www.evolys.ch\/blog\/non-classe\/lia-une-aide-precieuse-pour-les-dermatologues-le-mag-radiofr-avec-la-dresse-magali-dumont\/","title":{"rendered":"L&rsquo;IA, une aide pr\u00e9cieuse pour les dermatologues (Le Mag &#8211; RadioFr avec la Dresse Magali Dumont)"},"content":{"rendered":"\n<p>\u2728 <strong>Podcast : L\u2019intelligence artificielle en dermatologie avec la Dre Dumont<\/strong> \u2728<\/p>\n\n\n\n<p>Saviez-vous que l\u2019intelligence artificielle peut d\u00e9tecter des anomalies sur la peau ou suivre l\u2019\u00e9volution d\u2019un traitement, tout en renfor\u00e7ant la personnalisation des soins ? Mais attention : elle ne remplacera jamais le r\u00f4le crucial du m\u00e9decin !<\/p>\n\n\n\n<p>\ud83c\udf99\ufe0f Dans ce podcast exclusif avec RadioFr, la Dre Dumont vous explique comment ces technologies r\u00e9volutionnent la dermatologie et l\u2019esth\u00e9tique, tout en restant centr\u00e9es sur le patient. D\u00e9couvrez des exemples concrets, des limites \u00e0 conna\u00eetre, et une vision d\u2019avenir fascinante.<\/p>\n\n\n\n<p>\ud83d\udc49 \u00c9coutez le podcast complet ici : <a href=\"https:\/\/www.radiofr.ch\/fribourg\/podcasts\/39770\">https:\/\/www.radiofr.ch\/fribourg\/podcasts\/39770<\/a><\/p>\n","protected":false},"excerpt":{"rendered":"<p>\u2728 Podcast : L\u2019intelligence artificielle en dermatologie avec la Dre Dumont \u2728 Saviez-vous que l\u2019intelligence artificielle peut d\u00e9tecter des anomalies sur la peau ou suivre l\u2019\u00e9volution d\u2019un traitement, tout en renfor\u00e7ant la personnalisation des soins ? Mais attention : elle ne remplacera jamais le r\u00f4le crucial du m\u00e9decin ! \ud83c\udf99\ufe0f Dans ce podcast exclusif avec &hellip; <a href=\"https:\/\/www.evolys.ch\/blog\/non-classe\/lia-une-aide-precieuse-pour-les-dermatologues-le-mag-radiofr-avec-la-dresse-magali-dumont\/\" class=\"more-link\">Continuer la lecture de <span class=\"screen-reader-text\">L&rsquo;IA, une aide pr\u00e9cieuse pour les dermatologues (Le Mag &#8211; RadioFr avec la Dresse Magali Dumont)<\/span><\/a><\/p>\n","protected":false},"author":2,"featured_media":1143,"comment_status":"closed","ping_status":"open","sticky":false,"template":"","format":"standard","meta":{"jetpack_post_was_ever_published":false,"_jetpack_newsletter_access":"","_jetpack_dont_email_post_to_subs":false,"_jetpack_newsletter_tier_id":0,"_jetpack_memberships_contains_paywalled_content":false,"_jetpack_memberships_contains_paid_content":false,"footnotes":"","jetpack_publicize_message":"","jetpack_publicize_feature_enabled":true,"jetpack_social_post_already_shared":true,"jetpack_social_options":{"image_generator_settings":{"template":"highway","default_image_id":0,"font":"","enabled":false},"version":2}},"categories":[22,1],"tags":[59,103,104],"class_list":["post-1142","post","type-post","status-publish","format-standard","has-post-thumbnail","hentry","category-dermatologie","category-non-classe","tag-dermatologie","tag-ia","tag-intelligence-artificielle"],"jetpack_publicize_connections":[],"jetpack_featured_media_url":"https:\/\/www.evolys.ch\/blog\/wp-content\/uploads\/2024\/12\/IMG_1462.jpeg","jetpack_sharing_enabled":true,"jetpack_shortlink":"https:\/\/wp.me\/p5X5ob-iq","_links":{"self":[{"href":"https:\/\/www.evolys.ch\/blog\/wp-json\/wp\/v2\/posts\/1142","targetHints":{"allow":["GET"]}}],"collection":[{"href":"https:\/\/www.evolys.ch\/blog\/wp-json\/wp\/v2\/posts"}],"about":[{"href":"https:\/\/www.evolys.ch\/blog\/wp-json\/wp\/v2\/types\/post"}],"author":[{"embeddable":true,"href":"https:\/\/www.evolys.ch\/blog\/wp-json\/wp\/v2\/users\/2"}],"replies":[{"embeddable":true,"href":"https:\/\/www.evolys.ch\/blog\/wp-json\/wp\/v2\/comments?post=1142"}],"version-history":[{"count":1,"href":"https:\/\/www.evolys.ch\/blog\/wp-json\/wp\/v2\/posts\/1142\/revisions"}],"predecessor-version":[{"id":1144,"href":"https:\/\/www.evolys.ch\/blog\/wp-json\/wp\/v2\/posts\/1142\/revisions\/1144"}],"wp:featuredmedia":[{"embeddable":true,"href":"https:\/\/www.evolys.ch\/blog\/wp-json\/wp\/v2\/media\/1143"}],"wp:attachment":[{"href":"https:\/\/www.evolys.ch\/blog\/wp-json\/wp\/v2\/media?parent=1142"}],"wp:term":[{"taxonomy":"category","embeddable":true,"href":"https:\/\/www.evolys.ch\/blog\/wp-json\/wp\/v2\/categories?post=1142"},{"taxonomy":"post_tag","embeddable":true,"href":"https:\/\/www.evolys.ch\/blog\/wp-json\/wp\/v2\/tags?post=1142"}],"curies":[{"name":"wp","href":"https:\/\/api.w.org\/{rel}","templated":true}]}}