{"id":1090,"date":"2024-02-19T11:22:08","date_gmt":"2024-02-19T10:22:08","guid":{"rendered":"https:\/\/www.evolys.ch\/blog\/?p=1090"},"modified":"2024-02-19T11:25:08","modified_gmt":"2024-02-19T10:25:08","slug":"le-botox-pour-la-medecine-esthetique-mais-pas-seulement-le-mag-radiofr","status":"publish","type":"post","link":"https:\/\/www.evolys.ch\/blog\/medecine-esthetique\/le-botox-pour-la-medecine-esthetique-mais-pas-seulement-le-mag-radiofr\/","title":{"rendered":"Le botox, pour la m\u00e9decine esth\u00e9tique, mais pas seulement (Le Mag &#8211; RadioFr)"},"content":{"rendered":"\n<p>Comment le botox a-t-il \u00e9t\u00e9 d\u00e9couvert ? Comment a-t-il trouv\u00e9 sa place en m\u00e9decine ? Quelles sont les utilisations du botox en m\u00e9decine ? Comment l&rsquo;administre-t-on ? Comment utilise-t-on se propri\u00e9t\u00e9 de relaxant musculaire pour le traitement des rides ? Quelles sont les autres utilisations ?<\/p>\n\n\n\n<p>La r\u00e9ponse de notre dermatologue \u00e0 toutes ces questions dans le podcast de RadioFr:<\/p>\n\n\n\n<p class=\"has-text-align-right\"><a href=\"https:\/\/www.radiofr.ch\/fribourg\/podcasts\/29807\">https:\/\/www.radiofr.ch\/fribourg\/podcasts\/29807<\/a><\/p>\n\n\n\n<p>Ou sur notre site internet:<\/p>\n\n\n\n<p class=\"has-text-align-right\"><a href=\"https:\/\/www.evolys.ch\/toxine-botulique.html\">https:\/\/www.evolys.ch\/toxine-botulique.html<\/a><\/p>\n","protected":false},"excerpt":{"rendered":"<p>Comment le botox a-t-il \u00e9t\u00e9 d\u00e9couvert ? Comment a-t-il trouv\u00e9 sa place en m\u00e9decine ? Quelles sont les utilisations du botox en m\u00e9decine ? Comment l&rsquo;administre-t-on ? Comment utilise-t-on se propri\u00e9t\u00e9 de relaxant musculaire pour le traitement des rides ? Quelles sont les autres utilisations ? La r\u00e9ponse de notre dermatologue \u00e0 toutes ces questions &hellip; <a href=\"https:\/\/www.evolys.ch\/blog\/medecine-esthetique\/le-botox-pour-la-medecine-esthetique-mais-pas-seulement-le-mag-radiofr\/\" class=\"more-link\">Continuer la lecture de <span class=\"screen-reader-text\">Le botox, pour la m\u00e9decine esth\u00e9tique, mais pas seulement (Le Mag &#8211; RadioFr)<\/span><\/a><\/p>\n","protected":false},"author":2,"featured_media":1091,"comment_status":"closed","ping_status":"open","sticky":false,"template":"","format":"standard","meta":{"jetpack_post_was_ever_published":false,"_jetpack_newsletter_access":"","_jetpack_dont_email_post_to_subs":false,"_jetpack_newsletter_tier_id":0,"_jetpack_memberships_contains_paywalled_content":false,"_jetpack_memberships_contains_paid_content":false,"footnotes":"","jetpack_publicize_message":"","jetpack_publicize_feature_enabled":true,"jetpack_social_post_already_shared":true,"jetpack_social_options":{"image_generator_settings":{"template":"highway","default_image_id":0,"font":"","enabled":false},"version":2}},"categories":[2,29],"tags":[91,89,5,90],"class_list":["post-1090","post","type-post","status-publish","format-standard","has-post-thumbnail","hentry","category-medecine-esthetique","category-toxine-botulique","tag-botox","tag-injections","tag-medecine-esthetique","tag-toxine-botulique"],"jetpack_publicize_connections":[],"jetpack_featured_media_url":"https:\/\/www.evolys.ch\/blog\/wp-content\/uploads\/2024\/02\/Evolys_toxine_botulique.jpeg","jetpack_sharing_enabled":true,"jetpack_shortlink":"https:\/\/wp.me\/p5X5ob-hA","_links":{"self":[{"href":"https:\/\/www.evolys.ch\/blog\/wp-json\/wp\/v2\/posts\/1090","targetHints":{"allow":["GET"]}}],"collection":[{"href":"https:\/\/www.evolys.ch\/blog\/wp-json\/wp\/v2\/posts"}],"about":[{"href":"https:\/\/www.evolys.ch\/blog\/wp-json\/wp\/v2\/types\/post"}],"author":[{"embeddable":true,"href":"https:\/\/www.evolys.ch\/blog\/wp-json\/wp\/v2\/users\/2"}],"replies":[{"embeddable":true,"href":"https:\/\/www.evolys.ch\/blog\/wp-json\/wp\/v2\/comments?post=1090"}],"version-history":[{"count":2,"href":"https:\/\/www.evolys.ch\/blog\/wp-json\/wp\/v2\/posts\/1090\/revisions"}],"predecessor-version":[{"id":1093,"href":"https:\/\/www.evolys.ch\/blog\/wp-json\/wp\/v2\/posts\/1090\/revisions\/1093"}],"wp:featuredmedia":[{"embeddable":true,"href":"https:\/\/www.evolys.ch\/blog\/wp-json\/wp\/v2\/media\/1091"}],"wp:attachment":[{"href":"https:\/\/www.evolys.ch\/blog\/wp-json\/wp\/v2\/media?parent=1090"}],"wp:term":[{"taxonomy":"category","embeddable":true,"href":"https:\/\/www.evolys.ch\/blog\/wp-json\/wp\/v2\/categories?post=1090"},{"taxonomy":"post_tag","embeddable":true,"href":"https:\/\/www.evolys.ch\/blog\/wp-json\/wp\/v2\/tags?post=1090"}],"curies":[{"name":"wp","href":"https:\/\/api.w.org\/{rel}","templated":true}]}}