{"id":1079,"date":"2024-01-15T10:52:45","date_gmt":"2024-01-15T09:52:45","guid":{"rendered":"https:\/\/www.evolys.ch\/blog\/?p=1079"},"modified":"2024-01-15T10:52:45","modified_gmt":"2024-01-15T09:52:45","slug":"rien-de-mieux-pour-la-peau-quune-bonne-cure-de-detoxification-le-mag-radiofr","status":"publish","type":"post","link":"https:\/\/www.evolys.ch\/blog\/medecine-esthetique\/rien-de-mieux-pour-la-peau-quune-bonne-cure-de-detoxification-le-mag-radiofr\/","title":{"rendered":"Rien de mieux pour la peau qu&rsquo;une bonne cure de d\u00e9toxification (Le Mag &#8211; RadioFr)"},"content":{"rendered":"\n<p>La Dresse Magali Dumont, dermatologue chez Evolys, \u00e9tait invit\u00e9 \u00e0 RadioFr pour parler des bienfaits d&rsquo;une cure \u00ab\u00a0d\u00e9tox\u00a0\u00bb pour notre peau apr\u00e8s les exc\u00e8s de fin d&rsquo;ann\u00e9e.<\/p>\n\n\n\n<p>La fin d&rsquo;ann\u00e9e est-elle pour vous une p\u00e9riode \u00e0 un bilan? Comment les exc\u00e8s peuvent-ils impacter notre peau et notre corps? Vous sentez-vous tent\u00e9 de prendre de nouvelles r\u00e9solutions? Quelles sont les bonnes r\u00e9solutions b\u00e9n\u00e9fiques pour notre peau? Comment entamer un processus de d\u00e9toxication b\u00e9n\u00e9fique pour la peau et le corps? <\/p>\n\n\n\n<p>Les 5 r\u00e9solutions propos\u00e9es par notre dermatologue ainsi que la r\u00e9ponse \u00e0 toutes ces questions dans le podcast de RadioFr:<\/p>\n\n\n\n<p class=\"has-text-align-right\"><a href=\"https:\/\/www.radiofr.ch\/fribourg\/podcasts\/28467\">https:\/\/www.radiofr.ch\/fribourg\/podcasts\/28467<\/a><\/p>\n\n\n\n<p>Ou sur notre site internet:<\/p>\n\n\n\n<p class=\"has-text-align-right\"><a href=\"https:\/\/www.evolys.ch\">https:\/\/www.evolys.ch<\/a><\/p>\n","protected":false},"excerpt":{"rendered":"<p>La Dresse Magali Dumont, dermatologue chez Evolys, \u00e9tait invit\u00e9 \u00e0 RadioFr pour parler des bienfaits d&rsquo;une cure \u00ab\u00a0d\u00e9tox\u00a0\u00bb pour notre peau apr\u00e8s les exc\u00e8s de fin d&rsquo;ann\u00e9e. La fin d&rsquo;ann\u00e9e est-elle pour vous une p\u00e9riode \u00e0 un bilan? Comment les exc\u00e8s peuvent-ils impacter notre peau et notre corps? Vous sentez-vous tent\u00e9 de prendre de nouvelles &hellip; <a href=\"https:\/\/www.evolys.ch\/blog\/medecine-esthetique\/rien-de-mieux-pour-la-peau-quune-bonne-cure-de-detoxification-le-mag-radiofr\/\" class=\"more-link\">Continuer la lecture de <span class=\"screen-reader-text\">Rien de mieux pour la peau qu&rsquo;une bonne cure de d\u00e9toxification (Le Mag &#8211; RadioFr)<\/span><\/a><\/p>\n","protected":false},"author":2,"featured_media":1080,"comment_status":"closed","ping_status":"open","sticky":false,"template":"","format":"standard","meta":{"jetpack_post_was_ever_published":false,"_jetpack_newsletter_access":"","_jetpack_dont_email_post_to_subs":false,"_jetpack_newsletter_tier_id":0,"_jetpack_memberships_contains_paywalled_content":false,"_jetpack_memberships_contains_paid_content":false,"footnotes":"","jetpack_publicize_message":"","jetpack_publicize_feature_enabled":true,"jetpack_social_post_already_shared":true,"jetpack_social_options":{"image_generator_settings":{"template":"highway","default_image_id":0,"font":"","enabled":false},"version":2}},"categories":[22,2,11,9],"tags":[],"class_list":["post-1079","post","type-post","status-publish","format-standard","has-post-thumbnail","hentry","category-dermatologie","category-medecine-esthetique","category-mode-et-beaute","category-une-belle-peau"],"jetpack_publicize_connections":[],"jetpack_featured_media_url":"https:\/\/www.evolys.ch\/blog\/wp-content\/uploads\/2024\/01\/resolution_2024.jpeg","jetpack_sharing_enabled":true,"jetpack_shortlink":"https:\/\/wp.me\/p5X5ob-hp","_links":{"self":[{"href":"https:\/\/www.evolys.ch\/blog\/wp-json\/wp\/v2\/posts\/1079","targetHints":{"allow":["GET"]}}],"collection":[{"href":"https:\/\/www.evolys.ch\/blog\/wp-json\/wp\/v2\/posts"}],"about":[{"href":"https:\/\/www.evolys.ch\/blog\/wp-json\/wp\/v2\/types\/post"}],"author":[{"embeddable":true,"href":"https:\/\/www.evolys.ch\/blog\/wp-json\/wp\/v2\/users\/2"}],"replies":[{"embeddable":true,"href":"https:\/\/www.evolys.ch\/blog\/wp-json\/wp\/v2\/comments?post=1079"}],"version-history":[{"count":2,"href":"https:\/\/www.evolys.ch\/blog\/wp-json\/wp\/v2\/posts\/1079\/revisions"}],"predecessor-version":[{"id":1084,"href":"https:\/\/www.evolys.ch\/blog\/wp-json\/wp\/v2\/posts\/1079\/revisions\/1084"}],"wp:featuredmedia":[{"embeddable":true,"href":"https:\/\/www.evolys.ch\/blog\/wp-json\/wp\/v2\/media\/1080"}],"wp:attachment":[{"href":"https:\/\/www.evolys.ch\/blog\/wp-json\/wp\/v2\/media?parent=1079"}],"wp:term":[{"taxonomy":"category","embeddable":true,"href":"https:\/\/www.evolys.ch\/blog\/wp-json\/wp\/v2\/categories?post=1079"},{"taxonomy":"post_tag","embeddable":true,"href":"https:\/\/www.evolys.ch\/blog\/wp-json\/wp\/v2\/tags?post=1079"}],"curies":[{"name":"wp","href":"https:\/\/api.w.org\/{rel}","templated":true}]}}