{"id":1016,"date":"2023-03-20T17:07:55","date_gmt":"2023-03-20T16:07:55","guid":{"rendered":"https:\/\/www.evolys.ch\/blog\/?p=1016"},"modified":"2023-12-12T13:53:45","modified_gmt":"2023-12-12T12:53:45","slug":"comment-lutter-contre-la-chute-de-cheveux-le-mag-radiofr","status":"publish","type":"post","link":"https:\/\/www.evolys.ch\/blog\/medecine-esthetique\/comment-lutter-contre-la-chute-de-cheveux-le-mag-radiofr\/","title":{"rendered":"Comment lutter contre la chute de cheveux ? (Le mag \u2013 RadioFR)"},"content":{"rendered":"\n<p>La Dresse Magali Dumont, dermatologue chez Evolys, \u00e9tait invit\u00e9 \u00e0 RadioFr pour parler de la chute des cheveux. Voici quelques-unes des questions auxquelles elle a r\u00e9pondu:<\/p>\n\n\n\n<p>Est-ce normal de constater qu\u2019on perd des cheveux tous les jours, en se les brossant par exemple? Est-ce qu\u2019on est tous \u00e9gaux avec nos cheveux? Quels sont les probl\u00e8mes les plus fr\u00e9quents pour lesquels les gens consultent? Quelle est la principale cause de chute des cheveux? Est-ce que cela touche aussi les femmes? Quelles sont les solutions? On entend de plus en plus parler d\u2019injection de PRP pour traiter la chute des cheveux; PRP, que veut dire cette abr\u00e9viation? Et comment cela fonctionne? Et qu\u2019en est-il des greffes de cheveux? Quels conseils pourrions-nous donner aux personnes qui souffrent de probl\u00e8mes de cheveux?<\/p>\n\n\n\n<p>La r\u00e9ponse \u00e0 toutes ces questions (et d&rsquo;autres) dans le podcast de RadioFr:<\/p>\n\n\n\n<p class=\"has-text-align-right\"><a href=\"https:\/\/www.radiofr.ch\/fribourg\/podcasts\/17235\">https:\/\/www.radiofr.ch\/fribourg\/podcasts\/17235<\/a><\/p>\n\n\n\n<p>Ou sur notre site internet:<\/p>\n\n\n\n<p class=\"has-text-align-right\"><a href=\"https:\/\/www.evolys.ch\" data-type=\"URL\" data-id=\"https:\/\/www.evolys.ch\">https:\/\/www.evolys.ch<\/a><\/p>\n","protected":false},"excerpt":{"rendered":"<p>La Dresse Magali Dumont, dermatologue chez Evolys, \u00e9tait invit\u00e9 \u00e0 RadioFr pour parler de la chute des cheveux. Voici quelques-unes des questions auxquelles elle a r\u00e9pondu: Est-ce normal de constater qu\u2019on perd des cheveux tous les jours, en se les brossant par exemple? Est-ce qu\u2019on est tous \u00e9gaux avec nos cheveux? Quels sont les probl\u00e8mes &hellip; <a href=\"https:\/\/www.evolys.ch\/blog\/medecine-esthetique\/comment-lutter-contre-la-chute-de-cheveux-le-mag-radiofr\/\" class=\"more-link\">Continuer la lecture de <span class=\"screen-reader-text\">Comment lutter contre la chute de cheveux ? (Le mag \u2013 RadioFR)<\/span><\/a><\/p>\n","protected":false},"author":2,"featured_media":1017,"comment_status":"closed","ping_status":"open","sticky":false,"template":"","format":"standard","meta":{"jetpack_post_was_ever_published":false,"_jetpack_newsletter_access":"","_jetpack_dont_email_post_to_subs":false,"_jetpack_newsletter_tier_id":0,"_jetpack_memberships_contains_paywalled_content":false,"_jetpack_memberships_contains_paid_content":false,"footnotes":"","jetpack_publicize_message":"","jetpack_publicize_feature_enabled":true,"jetpack_social_post_already_shared":true,"jetpack_social_options":{"image_generator_settings":{"template":"highway","default_image_id":0,"font":"","enabled":false},"version":2}},"categories":[82,22,2,47,83],"tags":[85,59,5,24,84],"class_list":["post-1016","post","type-post","status-publish","format-standard","has-post-thumbnail","hentry","category-cheveux","category-dermatologie","category-medecine-esthetique","category-prevention","category-prp","tag-cheveu","tag-dermatologie","tag-medecine-esthetique","tag-prevention","tag-prp"],"jetpack_publicize_connections":[],"jetpack_featured_media_url":"https:\/\/www.evolys.ch\/blog\/wp-content\/uploads\/2023\/03\/Evolys_cheveux-scaled.jpeg","jetpack_sharing_enabled":true,"jetpack_shortlink":"https:\/\/wp.me\/p5X5ob-go","_links":{"self":[{"href":"https:\/\/www.evolys.ch\/blog\/wp-json\/wp\/v2\/posts\/1016","targetHints":{"allow":["GET"]}}],"collection":[{"href":"https:\/\/www.evolys.ch\/blog\/wp-json\/wp\/v2\/posts"}],"about":[{"href":"https:\/\/www.evolys.ch\/blog\/wp-json\/wp\/v2\/types\/post"}],"author":[{"embeddable":true,"href":"https:\/\/www.evolys.ch\/blog\/wp-json\/wp\/v2\/users\/2"}],"replies":[{"embeddable":true,"href":"https:\/\/www.evolys.ch\/blog\/wp-json\/wp\/v2\/comments?post=1016"}],"version-history":[{"count":1,"href":"https:\/\/www.evolys.ch\/blog\/wp-json\/wp\/v2\/posts\/1016\/revisions"}],"predecessor-version":[{"id":1072,"href":"https:\/\/www.evolys.ch\/blog\/wp-json\/wp\/v2\/posts\/1016\/revisions\/1072"}],"wp:featuredmedia":[{"embeddable":true,"href":"https:\/\/www.evolys.ch\/blog\/wp-json\/wp\/v2\/media\/1017"}],"wp:attachment":[{"href":"https:\/\/www.evolys.ch\/blog\/wp-json\/wp\/v2\/media?parent=1016"}],"wp:term":[{"taxonomy":"category","embeddable":true,"href":"https:\/\/www.evolys.ch\/blog\/wp-json\/wp\/v2\/categories?post=1016"},{"taxonomy":"post_tag","embeddable":true,"href":"https:\/\/www.evolys.ch\/blog\/wp-json\/wp\/v2\/tags?post=1016"}],"curies":[{"name":"wp","href":"https:\/\/api.w.org\/{rel}","templated":true}]}}